{"id":6690,"date":"2020-06-29T16:28:25","date_gmt":"2020-06-29T14:28:25","guid":{"rendered":"https:\/\/www.squash-steiermark.org\/?p=6690"},"modified":"2020-06-29T16:28:27","modified_gmt":"2020-06-29T14:28:27","slug":"petition-wir-bewegen","status":"publish","type":"post","link":"https:\/\/www.squash-steiermark.org\/?p=6690","title":{"rendered":"Petition: &#8220;wir bewegen&#8221;"},"content":{"rendered":"\n<p>Liebe Sportfreunde, liebe Sportfreundinnen,<\/p>\n\n\n\n<p>ich habe gerade die Petition &#8220;Wir bewegen\u201c ins Netz gestellt und ersuchen euch uns zu helfen unsere Kinder zu bewegen.<\/p>\n\n\n\n<p>Dieses Thema ist f\u00fcr unsere Kinder, Jugendlichen, Erwachsenen und unser gesamtes Land wirklich sehr wichtig und je mehr wir sind, umso mehr Gewicht werden unsere Stimmen haben.<\/p>\n\n\n\n<p>Wir w\u00fcrden Euch ersuchen als Verband, Pr\u00e4sident, Pr\u00e4sidentin wenn m\u00f6glich der gesamte Vorstand die Petition zu unterschreiben.<\/p>\n\n\n\n<p>Wir ersuchen euch auch uns eine Athletin und Athleten eurer Sportart als Testimonial zur Verf\u00fcgung zu stellen.<\/p>\n\n\n\n<p>Wenn alle Verb\u00e4nde und deren besten Sportlerinnen und Sportler mit einem Bild und einer Botschaft die Regierung ersuchen\/auffordern Bewegung und Sport wieder in den Unterricht zu integrieren sowie so schnell wie m\u00f6glich die t\u00e4gliche Bewegung in allen Kinderg\u00e4rten und Schulen einzuf\u00fchren wird dies nicht ungeh\u00f6rt bleiben k\u00f6nnen.<\/p>\n\n\n\n<p>Helfen wir bitte zusammen und geben wir dem Sport eine starke nicht zu \u00fcberh\u00f6rende Stimme.<\/p>\n\n\n\n<p>Hier findet ihr mehr Informationen zur Petition und ihr k\u00f6nnt sie auch gleich unterzeichnen:<\/p>\n\n\n\n<figure class=\"wp-block-embed\"><div class=\"wp-block-embed__wrapper\">\nhttps:\/\/mein.aufstehn.at\/petitions\/wir-bewegen?share=da49bbcb-14a7-4a3c-9fe7-96911e4b9c29&#038;source=email-share-button&#038;utm_medium=&#038;utm_source=email\n<\/div><\/figure>\n\n\n\n<p>Dankesch\u00f6n!<\/p>\n\n\n\n<p>P.S.: Es w\u00e4re toll , wenn ihr die Petition auch mit euren Mitgliedern und Vereinen teilt.<br>Daf\u00fcr braucht ihr nur dieses Mail weiterleiten oder diesen Link auf Facebook, Whatsapp oder Twitter teilen:<\/p>\n\n\n\n<figure class=\"wp-block-embed\"><div class=\"wp-block-embed__wrapper\">\nhttps:\/\/mein.aufstehn.at\/petitions\/wir-bewegen?share=da49bbcb-14a7-4a3c-9fe7-96911e4b9c29&#038;source=email-share-button&#038;utm_medium=&#038;utm_source=email\n<\/div><\/figure>\n","protected":false},"excerpt":{"rendered":"<p>Liebe Sportfreunde, liebe Sportfreundinnen, ich habe gerade die Petition &#8220;Wir bewegen\u201c ins Netz gestellt und ersuchen euch uns zu helfen unsere Kinder zu bewegen. Dieses Thema ist f\u00fcr unsere Kinder, Jugendlichen, Erwachsenen und unser gesamtes Land wirklich sehr wichtig und &hellip;<\/p>\n<p class=\"read-more\"> <a class=\"more-link\" href=\"https:\/\/www.squash-steiermark.org\/?p=6690\"> <span class=\"screen-reader-text\">Petition: &#8220;wir bewegen&#8221;<\/span> Read More &raquo;<\/a><\/p>\n","protected":false},"author":5,"featured_media":0,"comment_status":"closed","ping_status":"open","sticky":false,"template":"","format":"standard","meta":[],"categories":[1],"tags":[],"_links":{"self":[{"href":"https:\/\/www.squash-steiermark.org\/index.php?rest_route=\/wp\/v2\/posts\/6690"}],"collection":[{"href":"https:\/\/www.squash-steiermark.org\/index.php?rest_route=\/wp\/v2\/posts"}],"about":[{"href":"https:\/\/www.squash-steiermark.org\/index.php?rest_route=\/wp\/v2\/types\/post"}],"author":[{"embeddable":true,"href":"https:\/\/www.squash-steiermark.org\/index.php?rest_route=\/wp\/v2\/users\/5"}],"replies":[{"embeddable":true,"href":"https:\/\/www.squash-steiermark.org\/index.php?rest_route=%2Fwp%2Fv2%2Fcomments&post=6690"}],"version-history":[{"count":2,"href":"https:\/\/www.squash-steiermark.org\/index.php?rest_route=\/wp\/v2\/posts\/6690\/revisions"}],"predecessor-version":[{"id":6714,"href":"https:\/\/www.squash-steiermark.org\/index.php?rest_route=\/wp\/v2\/posts\/6690\/revisions\/6714"}],"wp:attachment":[{"href":"https:\/\/www.squash-steiermark.org\/index.php?rest_route=%2Fwp%2Fv2%2Fmedia&parent=6690"}],"wp:term":[{"taxonomy":"category","embeddable":true,"href":"https:\/\/www.squash-steiermark.org\/index.php?rest_route=%2Fwp%2Fv2%2Fcategories&post=6690"},{"taxonomy":"post_tag","embeddable":true,"href":"https:\/\/www.squash-steiermark.org\/index.php?rest_route=%2Fwp%2Fv2%2Ftags&post=6690"}],"curies":[{"name":"wp","href":"https:\/\/api.w.org\/{rel}","templated":true}]}}