{"id":6671,"date":"2020-06-26T10:02:40","date_gmt":"2020-06-26T08:02:40","guid":{"rendered":"https:\/\/www.squash-steiermark.org\/?p=6671"},"modified":"2020-06-26T10:03:18","modified_gmt":"2020-06-26T08:03:18","slug":"neuer-vorstand-des-stsrv","status":"publish","type":"post","link":"https:\/\/www.squash-steiermark.org\/?p=6671","title":{"rendered":"Neuer Vorstand des StSRV"},"content":{"rendered":"\n<p>Bei der Generalversammlung am 24.06.2020 wurde ein neuer Vorstand f\u00fcr die n\u00e4chsten 3 Jahre gew\u00e4hlt.<\/p>\n\n\n\n<figure class=\"wp-block-image size-large\"><img loading=\"lazy\" width=\"1024\" height=\"768\" src=\"https:\/\/www.squash-steiermark.org\/wp-content\/uploads\/2020\/06\/Gruppenbild-1024x768.jpg\" alt=\"\" class=\"wp-image-6672\" srcset=\"https:\/\/www.squash-steiermark.org\/wp-content\/uploads\/2020\/06\/Gruppenbild-1024x768.jpg 1024w, https:\/\/www.squash-steiermark.org\/wp-content\/uploads\/2020\/06\/Gruppenbild-300x225.jpg 300w, https:\/\/www.squash-steiermark.org\/wp-content\/uploads\/2020\/06\/Gruppenbild-768x576.jpg 768w, https:\/\/www.squash-steiermark.org\/wp-content\/uploads\/2020\/06\/Gruppenbild-1536x1152.jpg 1536w, https:\/\/www.squash-steiermark.org\/wp-content\/uploads\/2020\/06\/Gruppenbild-2048x1536.jpg 2048w, https:\/\/www.squash-steiermark.org\/wp-content\/uploads\/2020\/06\/Gruppenbild-100x75.jpg 100w, https:\/\/www.squash-steiermark.org\/wp-content\/uploads\/2020\/06\/Gruppenbild-150x113.jpg 150w, https:\/\/www.squash-steiermark.org\/wp-content\/uploads\/2020\/06\/Gruppenbild-200x150.jpg 200w, https:\/\/www.squash-steiermark.org\/wp-content\/uploads\/2020\/06\/Gruppenbild-450x338.jpg 450w, https:\/\/www.squash-steiermark.org\/wp-content\/uploads\/2020\/06\/Gruppenbild-600x450.jpg 600w, https:\/\/www.squash-steiermark.org\/wp-content\/uploads\/2020\/06\/Gruppenbild-900x675.jpg 900w\" sizes=\"(max-width: 1024px) 100vw, 1024px\" \/><figcaption>Georg Winkler                             Ines Winkler                      Birgit Seiner                                  Dieter Pock<br>Kassier                                        Schriftf\u00fchrerin                    Pr\u00e4sidentin                                   Sportwart       <\/figcaption><\/figure>\n\n\n\n<p>Wir w\u00fcnschen dem neuen Team viel Erfolg und gutes Gelingen!<\/p>\n","protected":false},"excerpt":{"rendered":"<p>Bei der Generalversammlung am 24.06.2020 wurde ein neuer Vorstand f\u00fcr die n\u00e4chsten 3 Jahre gew\u00e4hlt. Wir w\u00fcnschen dem neuen Team viel Erfolg und gutes Gelingen!<\/p>\n","protected":false},"author":5,"featured_media":0,"comment_status":"closed","ping_status":"open","sticky":false,"template":"","format":"standard","meta":[],"categories":[1],"tags":[],"_links":{"self":[{"href":"https:\/\/www.squash-steiermark.org\/index.php?rest_route=\/wp\/v2\/posts\/6671"}],"collection":[{"href":"https:\/\/www.squash-steiermark.org\/index.php?rest_route=\/wp\/v2\/posts"}],"about":[{"href":"https:\/\/www.squash-steiermark.org\/index.php?rest_route=\/wp\/v2\/types\/post"}],"author":[{"embeddable":true,"href":"https:\/\/www.squash-steiermark.org\/index.php?rest_route=\/wp\/v2\/users\/5"}],"replies":[{"embeddable":true,"href":"https:\/\/www.squash-steiermark.org\/index.php?rest_route=%2Fwp%2Fv2%2Fcomments&post=6671"}],"version-history":[{"count":3,"href":"https:\/\/www.squash-steiermark.org\/index.php?rest_route=\/wp\/v2\/posts\/6671\/revisions"}],"predecessor-version":[{"id":6675,"href":"https:\/\/www.squash-steiermark.org\/index.php?rest_route=\/wp\/v2\/posts\/6671\/revisions\/6675"}],"wp:attachment":[{"href":"https:\/\/www.squash-steiermark.org\/index.php?rest_route=%2Fwp%2Fv2%2Fmedia&parent=6671"}],"wp:term":[{"taxonomy":"category","embeddable":true,"href":"https:\/\/www.squash-steiermark.org\/index.php?rest_route=%2Fwp%2Fv2%2Fcategories&post=6671"},{"taxonomy":"post_tag","embeddable":true,"href":"https:\/\/www.squash-steiermark.org\/index.php?rest_route=%2Fwp%2Fv2%2Ftags&post=6671"}],"curies":[{"name":"wp","href":"https:\/\/api.w.org\/{rel}","templated":true}]}}