{"id":6110,"date":"2019-04-24T10:01:20","date_gmt":"2019-04-24T08:01:20","guid":{"rendered":"http:\/\/squash-steiermark.org\/?p=6110"},"modified":"2019-04-24T10:01:21","modified_gmt":"2019-04-24T08:01:21","slug":"croatian-junior-open-26-28-4-2019","status":"publish","type":"post","link":"https:\/\/www.squash-steiermark.org\/?p=6110","title":{"rendered":"Croatian Junior Open 26.-28.4.2019"},"content":{"rendered":"\n<p>In K\u00fcrze starten wieder die <strong>Croatian Junior Open<\/strong> in Zagreb und die junge Grazer Gruppe hat 3 Stockerlpl\u00e4tze des Vorjahres zu verteidigen.<\/p>\n\n\n\n<p><strong>Samuel WINKLER<\/strong> U 13 ist, nach dem 2. Platz des Vorjahres, auf Nummer 1 gesetzt! Einen Stockerlplatz zu erk\u00e4mpfen ist definitv auch das Ziel f\u00fcr Samuel f\u00fcr das kommende Wochenende. Spieler aus Ungarn und Rum\u00e4nien, sowie Slowenien und Kroatien werden unserem J\u00fcngsten jedoch einiges abverlangen.<\/p>\n\n\n\n<p><strong>Lorenz HOCHSTRASSER<\/strong> erk\u00e4mpfte im Vorjahr den 3. Platz. Dieses Jahr spielt er&nbsp; bereits in der U 15 und muss sich eine gute Ausgangsbasis neuerlich erarbeiten. Ein Platz unter den Top 8&nbsp; ist das Ziel.<\/p>\n\n\n\n<p><strong>Kristian SEINER<\/strong> gewann im Vorjahr die U 15! Dieses Jahr, in der U 17, warten wieder starke Gegner aus Ungarn auf ihn. Ein Stockerlplatz ist trotzdem das Ziel.<\/p>\n\n\n\n<p><strong>Oskar SCHUUR<\/strong> hat heuer ebenso die Chance auf einen Top Platz. Eine Platzierung unter den Top 6 ist m\u00f6glich!<\/p>\n\n\n\n<p>Von unserer M\u00e4delstruppe: <strong>Karina SEINER<\/strong>, <strong>Laura FRIEDL<\/strong>,<strong> Marilena KROBOT<\/strong> und <strong>Viktoria SCHWEIGHOFER<\/strong>&nbsp; spielte im Vorjahr nur Karina bei den Croatian Junior Open.<\/p>\n\n\n\n<p>In der M\u00e4dels U 13 scheinen die ersten 3 Pl\u00e4tze schon vergeben zu sein, aber dahinter sind top Platzierungen f\u00fcr Laura, Karina und Marilena m\u00f6glich.<\/p>\n\n\n\n<p>Viktoria spielt erstmals in Zagreb und in einer sehr guten U17 Gruppe. Eine Platzierung unter den Top 8 ist das Ziel.<\/p>\n\n\n\n<p>Wir w\u00fcnschen den Jugendlichen, den Trainern und Betreuern (Rehan van der Merwe, Ines Winkler und Birgit Seiner) viel Erfolg!<\/p>\n\n\n\n<figure class=\"wp-block-image\"><img loading=\"lazy\" width=\"1024\" height=\"768\" src=\"https:\/\/www.squash-steiermark.org\/wp-content\/uploads\/2019\/04\/k-20180422_131038-1024x768.jpg\" alt=\"\" class=\"wp-image-6111\" srcset=\"https:\/\/www.squash-steiermark.org\/wp-content\/uploads\/2019\/04\/k-20180422_131038.jpg 1024w, https:\/\/www.squash-steiermark.org\/wp-content\/uploads\/2019\/04\/k-20180422_131038-300x225.jpg 300w, https:\/\/www.squash-steiermark.org\/wp-content\/uploads\/2019\/04\/k-20180422_131038-768x576.jpg 768w, https:\/\/www.squash-steiermark.org\/wp-content\/uploads\/2019\/04\/k-20180422_131038-100x75.jpg 100w, https:\/\/www.squash-steiermark.org\/wp-content\/uploads\/2019\/04\/k-20180422_131038-150x113.jpg 150w, https:\/\/www.squash-steiermark.org\/wp-content\/uploads\/2019\/04\/k-20180422_131038-200x150.jpg 200w, https:\/\/www.squash-steiermark.org\/wp-content\/uploads\/2019\/04\/k-20180422_131038-450x338.jpg 450w, https:\/\/www.squash-steiermark.org\/wp-content\/uploads\/2019\/04\/k-20180422_131038-600x450.jpg 600w, https:\/\/www.squash-steiermark.org\/wp-content\/uploads\/2019\/04\/k-20180422_131038-900x675.jpg 900w\" sizes=\"(max-width: 1024px) 100vw, 1024px\" \/><\/figure>\n\n\n\n<figure class=\"wp-block-image\"><img loading=\"lazy\" width=\"1024\" height=\"768\" src=\"https:\/\/www.squash-steiermark.org\/wp-content\/uploads\/2019\/04\/k-20190125_170722-1024x768.jpg\" alt=\"\" class=\"wp-image-6112\" srcset=\"https:\/\/www.squash-steiermark.org\/wp-content\/uploads\/2019\/04\/k-20190125_170722.jpg 1024w, https:\/\/www.squash-steiermark.org\/wp-content\/uploads\/2019\/04\/k-20190125_170722-300x225.jpg 300w, https:\/\/www.squash-steiermark.org\/wp-content\/uploads\/2019\/04\/k-20190125_170722-768x576.jpg 768w, https:\/\/www.squash-steiermark.org\/wp-content\/uploads\/2019\/04\/k-20190125_170722-100x75.jpg 100w, https:\/\/www.squash-steiermark.org\/wp-content\/uploads\/2019\/04\/k-20190125_170722-150x113.jpg 150w, https:\/\/www.squash-steiermark.org\/wp-content\/uploads\/2019\/04\/k-20190125_170722-200x150.jpg 200w, https:\/\/www.squash-steiermark.org\/wp-content\/uploads\/2019\/04\/k-20190125_170722-450x338.jpg 450w, https:\/\/www.squash-steiermark.org\/wp-content\/uploads\/2019\/04\/k-20190125_170722-600x450.jpg 600w, https:\/\/www.squash-steiermark.org\/wp-content\/uploads\/2019\/04\/k-20190125_170722-900x675.jpg 900w\" sizes=\"(max-width: 1024px) 100vw, 1024px\" \/><\/figure>\n","protected":false},"excerpt":{"rendered":"<p>In K\u00fcrze starten wieder die Croatian Junior Open in Zagreb und die junge Grazer Gruppe hat 3 Stockerlpl\u00e4tze des Vorjahres zu verteidigen. Samuel WINKLER U 13 ist, nach dem 2. Platz des Vorjahres, auf Nummer 1 gesetzt! Einen Stockerlplatz zu &hellip;<\/p>\n<p class=\"read-more\"> <a class=\"more-link\" href=\"https:\/\/www.squash-steiermark.org\/?p=6110\"> <span class=\"screen-reader-text\">Croatian Junior Open 26.-28.4.2019<\/span> Read More &raquo;<\/a><\/p>\n","protected":false},"author":5,"featured_media":0,"comment_status":"closed","ping_status":"open","sticky":false,"template":"","format":"standard","meta":[],"categories":[1],"tags":[],"_links":{"self":[{"href":"https:\/\/www.squash-steiermark.org\/index.php?rest_route=\/wp\/v2\/posts\/6110"}],"collection":[{"href":"https:\/\/www.squash-steiermark.org\/index.php?rest_route=\/wp\/v2\/posts"}],"about":[{"href":"https:\/\/www.squash-steiermark.org\/index.php?rest_route=\/wp\/v2\/types\/post"}],"author":[{"embeddable":true,"href":"https:\/\/www.squash-steiermark.org\/index.php?rest_route=\/wp\/v2\/users\/5"}],"replies":[{"embeddable":true,"href":"https:\/\/www.squash-steiermark.org\/index.php?rest_route=%2Fwp%2Fv2%2Fcomments&post=6110"}],"version-history":[{"count":1,"href":"https:\/\/www.squash-steiermark.org\/index.php?rest_route=\/wp\/v2\/posts\/6110\/revisions"}],"predecessor-version":[{"id":6113,"href":"https:\/\/www.squash-steiermark.org\/index.php?rest_route=\/wp\/v2\/posts\/6110\/revisions\/6113"}],"wp:attachment":[{"href":"https:\/\/www.squash-steiermark.org\/index.php?rest_route=%2Fwp%2Fv2%2Fmedia&parent=6110"}],"wp:term":[{"taxonomy":"category","embeddable":true,"href":"https:\/\/www.squash-steiermark.org\/index.php?rest_route=%2Fwp%2Fv2%2Fcategories&post=6110"},{"taxonomy":"post_tag","embeddable":true,"href":"https:\/\/www.squash-steiermark.org\/index.php?rest_route=%2Fwp%2Fv2%2Ftags&post=6110"}],"curies":[{"name":"wp","href":"https:\/\/api.w.org\/{rel}","templated":true}]}}