{"id":5480,"date":"2018-04-23T10:31:12","date_gmt":"2018-04-23T08:31:12","guid":{"rendered":"http:\/\/squash-steiermark.org\/?p=5480"},"modified":"2018-04-23T10:31:12","modified_gmt":"2018-04-23T08:31:12","slug":"gold-silber-und-bronze","status":"publish","type":"post","link":"https:\/\/www.squash-steiermark.org\/?p=5480","title":{"rendered":"Gold, Silber und Bronze!"},"content":{"rendered":"<p>Gold, Silber und Bronze f\u00fcr die USC 2000 Squash Kids bei den Croatian Junior Open 20.-22.4. in Zagreb.<br \/>\nKristian Seiner gewann mit einem Sieg \u00fcber den Kroaten Jan Cerovac souver\u00e4n den U15 Bewerb.<br \/>\nBei den Burschen U13 mussten seine Clubkollegen Samuel Winkler und Lorenz Hochstrasser lediglich dem Ungarn Rego Komlodi den Vortritt lassen und belegten im teilnehmerst\u00e4rksten Feld die hervorragenden Pl\u00e4tze 2 und 3.<br \/>\nOskar Schuur erreichte mit dem 5. Platz in der U17 sein bisher bestes internationales Ergebnis.<\/p>\n<p><a href=\"https:\/\/www.squash-steiermark.org\/wp-content\/uploads\/2018\/04\/k-20180422_092904.jpg\"><img loading=\"lazy\" class=\"alignnone size-medium wp-image-5481\" src=\"https:\/\/www.squash-steiermark.org\/wp-content\/uploads\/2018\/04\/k-20180422_092904-300x225.jpg\" alt=\"\" width=\"300\" height=\"225\" srcset=\"https:\/\/www.squash-steiermark.org\/wp-content\/uploads\/2018\/04\/k-20180422_092904-300x225.jpg 300w, https:\/\/www.squash-steiermark.org\/wp-content\/uploads\/2018\/04\/k-20180422_092904-768x576.jpg 768w, https:\/\/www.squash-steiermark.org\/wp-content\/uploads\/2018\/04\/k-20180422_092904.jpg 1024w, https:\/\/www.squash-steiermark.org\/wp-content\/uploads\/2018\/04\/k-20180422_092904-100x75.jpg 100w, https:\/\/www.squash-steiermark.org\/wp-content\/uploads\/2018\/04\/k-20180422_092904-150x113.jpg 150w, https:\/\/www.squash-steiermark.org\/wp-content\/uploads\/2018\/04\/k-20180422_092904-200x150.jpg 200w, https:\/\/www.squash-steiermark.org\/wp-content\/uploads\/2018\/04\/k-20180422_092904-450x338.jpg 450w, https:\/\/www.squash-steiermark.org\/wp-content\/uploads\/2018\/04\/k-20180422_092904-600x450.jpg 600w, https:\/\/www.squash-steiermark.org\/wp-content\/uploads\/2018\/04\/k-20180422_092904-900x675.jpg 900w\" sizes=\"(max-width: 300px) 100vw, 300px\" \/><\/a> <a href=\"https:\/\/www.squash-steiermark.org\/wp-content\/uploads\/2018\/04\/k-20180422_1306220.jpg\"><img loading=\"lazy\" class=\"alignnone size-medium wp-image-5482\" src=\"https:\/\/www.squash-steiermark.org\/wp-content\/uploads\/2018\/04\/k-20180422_1306220-300x225.jpg\" alt=\"\" width=\"300\" height=\"225\" srcset=\"https:\/\/www.squash-steiermark.org\/wp-content\/uploads\/2018\/04\/k-20180422_1306220-300x225.jpg 300w, https:\/\/www.squash-steiermark.org\/wp-content\/uploads\/2018\/04\/k-20180422_1306220-768x576.jpg 768w, https:\/\/www.squash-steiermark.org\/wp-content\/uploads\/2018\/04\/k-20180422_1306220.jpg 1024w, https:\/\/www.squash-steiermark.org\/wp-content\/uploads\/2018\/04\/k-20180422_1306220-100x75.jpg 100w, https:\/\/www.squash-steiermark.org\/wp-content\/uploads\/2018\/04\/k-20180422_1306220-150x113.jpg 150w, https:\/\/www.squash-steiermark.org\/wp-content\/uploads\/2018\/04\/k-20180422_1306220-200x150.jpg 200w, https:\/\/www.squash-steiermark.org\/wp-content\/uploads\/2018\/04\/k-20180422_1306220-450x338.jpg 450w, https:\/\/www.squash-steiermark.org\/wp-content\/uploads\/2018\/04\/k-20180422_1306220-600x450.jpg 600w, https:\/\/www.squash-steiermark.org\/wp-content\/uploads\/2018\/04\/k-20180422_1306220-900x675.jpg 900w\" sizes=\"(max-width: 300px) 100vw, 300px\" \/><\/a> <a href=\"https:\/\/www.squash-steiermark.org\/wp-content\/uploads\/2018\/04\/k-20180422_130732.jpg\"><img loading=\"lazy\" class=\"alignnone size-medium wp-image-5483\" src=\"https:\/\/www.squash-steiermark.org\/wp-content\/uploads\/2018\/04\/k-20180422_130732-300x225.jpg\" alt=\"\" width=\"300\" height=\"225\" srcset=\"https:\/\/www.squash-steiermark.org\/wp-content\/uploads\/2018\/04\/k-20180422_130732-300x225.jpg 300w, https:\/\/www.squash-steiermark.org\/wp-content\/uploads\/2018\/04\/k-20180422_130732-768x576.jpg 768w, https:\/\/www.squash-steiermark.org\/wp-content\/uploads\/2018\/04\/k-20180422_130732.jpg 1024w, https:\/\/www.squash-steiermark.org\/wp-content\/uploads\/2018\/04\/k-20180422_130732-100x75.jpg 100w, https:\/\/www.squash-steiermark.org\/wp-content\/uploads\/2018\/04\/k-20180422_130732-150x113.jpg 150w, https:\/\/www.squash-steiermark.org\/wp-content\/uploads\/2018\/04\/k-20180422_130732-200x150.jpg 200w, https:\/\/www.squash-steiermark.org\/wp-content\/uploads\/2018\/04\/k-20180422_130732-450x338.jpg 450w, https:\/\/www.squash-steiermark.org\/wp-content\/uploads\/2018\/04\/k-20180422_130732-600x450.jpg 600w, https:\/\/www.squash-steiermark.org\/wp-content\/uploads\/2018\/04\/k-20180422_130732-900x675.jpg 900w\" sizes=\"(max-width: 300px) 100vw, 300px\" \/><\/a> <a href=\"https:\/\/www.squash-steiermark.org\/wp-content\/uploads\/2018\/04\/k-20180422_131039.jpg\"><img loading=\"lazy\" class=\"alignnone size-medium wp-image-5484\" src=\"https:\/\/www.squash-steiermark.org\/wp-content\/uploads\/2018\/04\/k-20180422_131039-300x225.jpg\" alt=\"\" width=\"300\" height=\"225\" srcset=\"https:\/\/www.squash-steiermark.org\/wp-content\/uploads\/2018\/04\/k-20180422_131039-300x225.jpg 300w, https:\/\/www.squash-steiermark.org\/wp-content\/uploads\/2018\/04\/k-20180422_131039-768x576.jpg 768w, https:\/\/www.squash-steiermark.org\/wp-content\/uploads\/2018\/04\/k-20180422_131039.jpg 1024w, https:\/\/www.squash-steiermark.org\/wp-content\/uploads\/2018\/04\/k-20180422_131039-100x75.jpg 100w, https:\/\/www.squash-steiermark.org\/wp-content\/uploads\/2018\/04\/k-20180422_131039-150x113.jpg 150w, https:\/\/www.squash-steiermark.org\/wp-content\/uploads\/2018\/04\/k-20180422_131039-200x150.jpg 200w, https:\/\/www.squash-steiermark.org\/wp-content\/uploads\/2018\/04\/k-20180422_131039-450x338.jpg 450w, https:\/\/www.squash-steiermark.org\/wp-content\/uploads\/2018\/04\/k-20180422_131039-600x450.jpg 600w, https:\/\/www.squash-steiermark.org\/wp-content\/uploads\/2018\/04\/k-20180422_131039-900x675.jpg 900w\" sizes=\"(max-width: 300px) 100vw, 300px\" \/><\/a><\/p>\n","protected":false},"excerpt":{"rendered":"<p>Gold, Silber und Bronze f\u00fcr die USC 2000 Squash Kids bei den Croatian Junior Open 20.-22.4. in Zagreb. Kristian Seiner gewann mit einem Sieg \u00fcber den Kroaten Jan Cerovac souver\u00e4n den U15 Bewerb. Bei den Burschen U13 mussten seine Clubkollegen &hellip;<\/p>\n<p class=\"read-more\"> <a class=\"more-link\" href=\"https:\/\/www.squash-steiermark.org\/?p=5480\"> <span class=\"screen-reader-text\">Gold, Silber und Bronze!<\/span> Read More &raquo;<\/a><\/p>\n","protected":false},"author":5,"featured_media":0,"comment_status":"closed","ping_status":"open","sticky":false,"template":"","format":"standard","meta":[],"categories":[4,5],"tags":[],"_links":{"self":[{"href":"https:\/\/www.squash-steiermark.org\/index.php?rest_route=\/wp\/v2\/posts\/5480"}],"collection":[{"href":"https:\/\/www.squash-steiermark.org\/index.php?rest_route=\/wp\/v2\/posts"}],"about":[{"href":"https:\/\/www.squash-steiermark.org\/index.php?rest_route=\/wp\/v2\/types\/post"}],"author":[{"embeddable":true,"href":"https:\/\/www.squash-steiermark.org\/index.php?rest_route=\/wp\/v2\/users\/5"}],"replies":[{"embeddable":true,"href":"https:\/\/www.squash-steiermark.org\/index.php?rest_route=%2Fwp%2Fv2%2Fcomments&post=5480"}],"version-history":[{"count":1,"href":"https:\/\/www.squash-steiermark.org\/index.php?rest_route=\/wp\/v2\/posts\/5480\/revisions"}],"predecessor-version":[{"id":5485,"href":"https:\/\/www.squash-steiermark.org\/index.php?rest_route=\/wp\/v2\/posts\/5480\/revisions\/5485"}],"wp:attachment":[{"href":"https:\/\/www.squash-steiermark.org\/index.php?rest_route=%2Fwp%2Fv2%2Fmedia&parent=5480"}],"wp:term":[{"taxonomy":"category","embeddable":true,"href":"https:\/\/www.squash-steiermark.org\/index.php?rest_route=%2Fwp%2Fv2%2Fcategories&post=5480"},{"taxonomy":"post_tag","embeddable":true,"href":"https:\/\/www.squash-steiermark.org\/index.php?rest_route=%2Fwp%2Fv2%2Ftags&post=5480"}],"curies":[{"name":"wp","href":"https:\/\/api.w.org\/{rel}","templated":true}]}}